{"id":14668,"date":"2022-02-11T16:35:51","date_gmt":"2022-02-11T15:35:51","guid":{"rendered":"https:\/\/fuel-it.io\/?p=14668"},"modified":"2023-02-25T21:57:55","modified_gmt":"2023-02-25T20:57:55","slug":"milieuvriendelijk-huurmateriaal","status":"publish","type":"post","link":"https:\/\/fuel-it.io\/nl\/milieuvriendelijk-huurmateriaal\/","title":{"rendered":"Wat als eco-verantwoordelijkheid rijmt met huurmateriaal?"},"content":{"rendered":"<p><div class=\"fusion-fullwidth fullwidth-box fusion-builder-row-1 fusion-flex-container nonhundred-percent-fullwidth non-hundred-percent-height-scrolling\" style=\"--awb-border-radius-top-left:0px;--awb-border-radius-top-right:0px;--awb-border-radius-bottom-right:0px;--awb-border-radius-bottom-left:0px;--awb-flex-wrap:wrap;\" ><div class=\"fusion-builder-row fusion-row fusion-flex-align-items-flex-start fusion-flex-content-wrap\" style=\"max-width:1189.76px;margin-left: calc(-4% \/ 2 );margin-right: calc(-4% \/ 2 );\"><div class=\"fusion-layout-column fusion_builder_column fusion-builder-column-0 fusion_builder_column_1_1 1_1 fusion-flex-column\" style=\"--awb-bg-size:cover;--awb-width-large:100%;--awb-margin-top-large:0px;--awb-spacing-right-large:1.92%;--awb-margin-bottom-large:20px;--awb-spacing-left-large:1.92%;--awb-width-medium:100%;--awb-spacing-right-medium:1.92%;--awb-spacing-left-medium:1.92%;--awb-width-small:100%;--awb-spacing-right-small:1.92%;--awb-spacing-left-small:1.92%;\"><div class=\"fusion-column-wrapper fusion-column-has-shadow fusion-flex-justify-content-flex-start fusion-content-layout-column\"><div class=\"fusion-text fusion-text-1\"><p><strong>Milieuvriendelijk verhuurmateriaal: naar een groenere bedrijfsvoering<\/strong><\/p>\n<p><strong>De ecologische noodsituatie is zodanig dat steeds meer bedrijven groen gaan door een milieuvriendelijke aanpak te introduceren.  <\/strong><\/p>\n<p><strong><span class=\"has-inline-color\">&#8220;Het milieu is prioriteit nummer \u00e9\u00e9n voor de generaties Y en Z, volgens de Deloitte Millennial Survey 2020. Het is begrijpelijk dat onze huidige samenleving een toenemende behoefte voelt om op te treden. Van bedrijven wordt dan ook meer dan ooit verwacht dat zij milieu- en ecologische kwesties aanpakken!<\/span><\/strong><\/p>\n<\/div><div class=\"fusion-text fusion-text-2\"><p><strong>Deze uitdaging is des te belangrijker in de sector van de verhuur van materieel.  <\/strong><\/p>\n<p><strong>De koolstofvoetafdruk van sommige machines kan inderdaad soms vrij hoog zijn. In die zin begint de verhuursector nu &#8220;groene&#8221; oplossingen aan te bieden, milieuvriendelijke elektrische of hybride oplossingen.<\/strong><\/p>\n<p><strong>Maar er zijn veel belemmeringen voor verandering, dus hoe overwin je de terughoudendheid?<\/strong><\/p>\n<\/div><\/div><\/div><\/div><\/div><div class=\"fusion-fullwidth fullwidth-box fusion-builder-row-2 fusion-flex-container nonhundred-percent-fullwidth non-hundred-percent-height-scrolling\" style=\"--awb-border-radius-top-left:0px;--awb-border-radius-top-right:0px;--awb-border-radius-bottom-right:0px;--awb-border-radius-bottom-left:0px;--awb-flex-wrap:wrap;\" ><div class=\"fusion-builder-row fusion-row fusion-flex-align-items-flex-start fusion-flex-content-wrap\" style=\"max-width:1189.76px;margin-left: calc(-4% \/ 2 );margin-right: calc(-4% \/ 2 );\"><div class=\"fusion-layout-column fusion_builder_column fusion-builder-column-1 fusion_builder_column_1_1 1_1 fusion-flex-column\" style=\"--awb-bg-size:cover;--awb-width-large:100%;--awb-margin-top-large:0px;--awb-spacing-right-large:1.92%;--awb-margin-bottom-large:20px;--awb-spacing-left-large:1.92%;--awb-width-medium:100%;--awb-order-medium:0;--awb-spacing-right-medium:1.92%;--awb-spacing-left-medium:1.92%;--awb-width-small:100%;--awb-order-small:0;--awb-spacing-right-small:1.92%;--awb-spacing-left-small:1.92%;\"><div class=\"fusion-column-wrapper fusion-column-has-shadow fusion-flex-justify-content-flex-start fusion-content-layout-column\"><div class=\"fusion-text fusion-text-3\"><h2 class=\"h1 speakable speakable-title fusion-responsive-typography-calculated\" data-fontsize=\"18\" data-lineheight=\"27px\">Voor welke uitdagingen staat de verhuursector van materieel?<\/h2>\n<\/div><div class=\"fusion-text fusion-text-4\" style=\"--awb-text-transform:none;\"><p>De verhuur van professionele apparatuur is een groeiende sector en neemt voortdurend toe.<\/p>\n<\/div><\/div><\/div><div class=\"fusion-layout-column fusion_builder_column fusion-builder-column-2 fusion_builder_column_1_2 1_2 fusion-flex-column\" style=\"--awb-bg-size:cover;--awb-width-large:50%;--awb-margin-top-large:0px;--awb-spacing-right-large:3.84%;--awb-margin-bottom-large:20px;--awb-spacing-left-large:3.84%;--awb-width-medium:50%;--awb-order-medium:0;--awb-spacing-right-medium:3.84%;--awb-spacing-left-medium:3.84%;--awb-width-small:100%;--awb-order-small:0;--awb-spacing-right-small:1.92%;--awb-spacing-left-small:1.92%;\"><div class=\"fusion-column-wrapper fusion-column-has-shadow fusion-flex-justify-content-flex-start fusion-content-layout-column\"><div class=\"fusion-text fusion-text-5\" style=\"--awb-text-transform:none;\"><p>Volgens de laatste <span style=\"color: #000080;\"><br \/>\n  <em><br \/>\n    <a style=\"color: #000080;\" href=\"https:\/\/www.dlr.fr\/Default.aspx?lid=1&amp;rid=18&amp;rvid=94\">barometer van de Nationale Federatie van<\/a><br \/>\n  <\/em><br \/>\n<\/span> van distributeurs, verhuurders en reparateurs van bouw-, openbare werken en overslagmaterieel (DLR) heeft de verhuursector een omzetgroei van 3,6% geboekt.<\/p>\n<p>Ondanks de gezondheidscrisis ondervonden alle bedrijven moeilijkheden bij hun activiteiten. Deze periode bracht echter ook nieuwe mogelijkheden en de verhuur- of overslagsector explodeerde.<\/p>\n<div id=\"ROTATION_PUB_EMPLACEMENT_ARTICLE\" class=\"hilight\"><\/div>\n<\/div><\/div><\/div><div class=\"fusion-layout-column fusion_builder_column fusion-builder-column-3 fusion_builder_column_1_2 1_2 fusion-flex-column\" style=\"--awb-bg-size:cover;--awb-width-large:50%;--awb-margin-top-large:0px;--awb-spacing-right-large:3.84%;--awb-margin-bottom-large:20px;--awb-spacing-left-large:3.84%;--awb-width-medium:50%;--awb-order-medium:0;--awb-spacing-right-medium:3.84%;--awb-spacing-left-medium:3.84%;--awb-width-small:100%;--awb-order-small:0;--awb-spacing-right-small:1.92%;--awb-spacing-left-small:1.92%;\"><div class=\"fusion-column-wrapper fusion-column-has-shadow fusion-flex-justify-content-flex-start fusion-content-layout-column\"><div class=\"fusion-image-element \" style=\"--awb-caption-title-font-family:var(--h2_typography-font-family);--awb-caption-title-font-weight:var(--h2_typography-font-weight);--awb-caption-title-font-style:var(--h2_typography-font-style);--awb-caption-title-size:var(--h2_typography-font-size);--awb-caption-title-transform:var(--h2_typography-text-transform);--awb-caption-title-line-height:var(--h2_typography-line-height);--awb-caption-title-letter-spacing:var(--h2_typography-letter-spacing);\"><span class=\" fusion-imageframe imageframe-none imageframe-1 hover-type-none\"><img decoding=\"async\" width=\"350\" height=\"350\" alt=\"F\u00e9d\u00e9ration nationale des distributeurs, loueurs et r\u00e9parateurs de mat\u00e9riels de b\u00e2timent, de travaux publics et de manutention\" title=\"Copie de article agrilab.io (2)\" src=\"https:\/\/fuel-it.io\/wp-content\/uploads\/2022\/02\/Copie-de-article-agrilab.io-2.png\" class=\"img-responsive wp-image-14712\" srcset=\"https:\/\/fuel-it.io\/wp-content\/uploads\/2022\/02\/Copie-de-article-agrilab.io-2-200x200.png 200w, https:\/\/fuel-it.io\/wp-content\/uploads\/2022\/02\/Copie-de-article-agrilab.io-2.png 350w\" sizes=\"(max-width: 640px) 100vw, 350px\" \/><\/span><\/div><\/div><\/div><div class=\"fusion-layout-column fusion_builder_column fusion-builder-column-4 fusion_builder_column_1_1 1_1 fusion-flex-column\" style=\"--awb-bg-size:cover;--awb-width-large:100%;--awb-margin-top-large:0px;--awb-spacing-right-large:1.92%;--awb-margin-bottom-large:20px;--awb-spacing-left-large:1.92%;--awb-width-medium:100%;--awb-spacing-right-medium:1.92%;--awb-spacing-left-medium:1.92%;--awb-width-small:100%;--awb-spacing-right-small:1.92%;--awb-spacing-left-small:1.92%;\"><div class=\"fusion-column-wrapper fusion-column-has-shadow fusion-flex-justify-content-flex-start fusion-content-layout-column\"><div class=\"fusion-text fusion-text-6\" style=\"--awb-text-transform:none;\"><p>Veel beroepen en bedrijven hebben zich echter moeten aanpassen.<\/p>\n<p>Sinds enkele jaren heeft de verhuur van professioneel bouwmaterieel de opkomst van nieuwe digitale platforms en tools gekend.<\/p>\n<p>Nieuwe technologie\u00ebn staan ook centraal in de zorgen van verhuurprofessionals: IoT, kunstmatige intelligentie, big data&#8230; steeds meer oplossingen bestaan en zijn ontworpen voor bouw- en verhuurbedrijven. Verhuurders zullen dus moeten werken met deze instrumenten, die essentieel zijn voor bijvoorbeeld beheersystemen.<\/p>\n<\/div><div class=\"fusion-text fusion-text-7\" style=\"--awb-text-transform:none;\"><p>Maar er zijn nog andere uitdagingen voor deze beroepsgroep, die moet beantwoorden aan de verwachtingen van de lokale overheden.<\/p>\n<p>In 2021 zullen verschillende steden lage-emissiezones invoeren om de meest vervuilende voertuigen aan banden te leggen. Er wordt gespecificeerd dat &#8220;alleen de meest vervuilende voertuigen (ge\u00efdentificeerd door het systeem van luchtkwaliteitscertificaten of Crit&#8217;air-stickers), ongeacht of zij voor professionele of persoonlijke doeleinden worden gebruikt, hierbij betrokken zijn.<\/p>\n<p>Dit is bijvoorbeeld het geval in de Gard, waar al maatregelen zijn genomen om de toegang tot stadscentra te beperken voor de meest vervuilende voertuigen.<\/p>\n<\/div><\/div><\/div><\/div><\/div><div class=\"fusion-fullwidth fullwidth-box fusion-builder-row-3 fusion-flex-container nonhundred-percent-fullwidth non-hundred-percent-height-scrolling\" style=\"--awb-border-radius-top-left:0px;--awb-border-radius-top-right:0px;--awb-border-radius-bottom-right:0px;--awb-border-radius-bottom-left:0px;--awb-flex-wrap:wrap;\" ><div class=\"fusion-builder-row fusion-row fusion-flex-align-items-flex-start fusion-flex-content-wrap\" style=\"max-width:1189.76px;margin-left: calc(-4% \/ 2 );margin-right: calc(-4% \/ 2 );\"><div class=\"fusion-layout-column fusion_builder_column fusion-builder-column-5 fusion_builder_column_1_1 1_1 fusion-flex-column\" style=\"--awb-bg-size:cover;--awb-width-large:100%;--awb-margin-top-large:0px;--awb-spacing-right-large:1.92%;--awb-margin-bottom-large:20px;--awb-spacing-left-large:1.92%;--awb-width-medium:100%;--awb-order-medium:0;--awb-spacing-right-medium:1.92%;--awb-spacing-left-medium:1.92%;--awb-width-small:100%;--awb-order-small:0;--awb-spacing-right-small:1.92%;--awb-spacing-left-small:1.92%;\"><div class=\"fusion-column-wrapper fusion-column-has-shadow fusion-flex-justify-content-flex-start fusion-content-layout-column\"><div class=\"fusion-title title fusion-title-1 fusion-sep-none fusion-title-text fusion-title-size-one\" style=\"--awb-margin-top-small:10px;--awb-margin-right-small:0px;--awb-margin-bottom-small:10px;--awb-margin-left-small:0px;\"><h1 class=\"fusion-title-heading title-heading-left\" style=\"margin:0;\"><h2>Oplossingen op maat<\/h2><\/h1><\/div><div class=\"fusion-text fusion-text-8\" style=\"--awb-text-transform:none;\"><p>Om zich aan deze maatregelen aan te passen, hebben sommige grote groepen besloten na te denken over oplossingen die aangepast zijn aan de uitdagingen van de lage-emissiezones (LEZ).<\/p>\n<p>Dit is het geval bij Enedis en Schneider Electric Frankrijk die hebben samengewerkt om de eerste &#8220;Zero Emission Generator&#8221; te cre\u00ebren. Een alternatieve oplossing voor traditioneel huurmateriaal.<\/p>\n<p>Behalve dat het &#8220;groen&#8221; is, biedt het een continue stroombron tijdens onderbrekingen als gevolg van werkzaamheden aan het openbare elektriciteitsdistributienet.<\/p>\n<p>Lees voor meer informatie dit artikel: <span style=\"color: #0000ff;\"><br \/>\n  <a style=\"color: #0000ff;\" href=\"https:\/\/www.latribune.fr\/entreprises-finance\/industrie\/energie-environnement\/enedis-devoile-un-premier-groupe-electrogene-sans-emissions-888739.html\"><br \/>\n    <em>&#8220;Enedis onthult eerste emissievrije generator&#8221;<\/em><br \/>\n  <\/a><br \/>\n<\/span><\/p>\n<\/div><\/div><\/div><div class=\"fusion-layout-column fusion_builder_column fusion-builder-column-6 fusion_builder_column_1_2 1_2 fusion-flex-column\" style=\"--awb-bg-size:cover;--awb-width-large:50%;--awb-margin-top-large:0px;--awb-spacing-right-large:3.84%;--awb-margin-bottom-large:20px;--awb-spacing-left-large:3.84%;--awb-width-medium:50%;--awb-order-medium:0;--awb-spacing-right-medium:3.84%;--awb-spacing-left-medium:3.84%;--awb-width-small:100%;--awb-order-small:0;--awb-spacing-right-small:1.92%;--awb-spacing-left-small:1.92%;\"><div class=\"fusion-column-wrapper fusion-column-has-shadow fusion-flex-justify-content-flex-start fusion-content-layout-column\"><div class=\"fusion-text fusion-text-9\" style=\"--awb-text-transform:none;\"><p>Kilout laat zich niet uit het veld slaan, want nu komt &#8220;geel ook in het groen&#8221;! Dit is de nieuwe reclamecampagne van de groep die zich inzet voor meer verantwoorde, zelfs eco-verantwoorde bouwplaatsen.<\/p>\n<p>Hun assortiment genaamd &#8220;<a href=\"https:\/\/www.kiloutou.fr\/tgs-impakt\"><br \/>\n  <span style=\"color: #0000ff;\"><br \/>\n    <em><br \/>\n      <strong>IMPAKT<\/strong><br \/>\n    <\/em><br \/>\n  <\/span><br \/>\n<\/a>&#8220;is een nieuw gamma van hoogperformante elektrische en hybride verhuurapparatuur. Deze nieuwe positie lijkt vruchten af te werpen, want het is een van hun populairste assortimenten voor klanten.<\/p>\n<p>Deze positionering is niet onbelangrijk, aangezien Kiloutou ook een ambitieus milieuactieplan heeft aangekondigd met als doel de directe C02-uitstoot tegen 2030 met 40% te verminderen tot in 2050 koolstofneutraliteit is bereikt!<\/p>\n<\/div><\/div><\/div><div class=\"fusion-layout-column fusion_builder_column fusion-builder-column-7 fusion_builder_column_1_2 1_2 fusion-flex-column\" style=\"--awb-bg-size:cover;--awb-width-large:50%;--awb-margin-top-large:0px;--awb-spacing-right-large:3.84%;--awb-margin-bottom-large:20px;--awb-spacing-left-large:3.84%;--awb-width-medium:50%;--awb-order-medium:0;--awb-spacing-right-medium:3.84%;--awb-spacing-left-medium:3.84%;--awb-width-small:100%;--awb-order-small:0;--awb-spacing-right-small:1.92%;--awb-spacing-left-small:1.92%;\"><div class=\"fusion-column-wrapper fusion-column-has-shadow fusion-flex-justify-content-flex-start fusion-content-layout-column\"><div class=\"fusion-image-element \" style=\"--awb-caption-title-font-family:var(--h2_typography-font-family);--awb-caption-title-font-weight:var(--h2_typography-font-weight);--awb-caption-title-font-style:var(--h2_typography-font-style);--awb-caption-title-size:var(--h2_typography-font-size);--awb-caption-title-transform:var(--h2_typography-text-transform);--awb-caption-title-line-height:var(--h2_typography-line-height);--awb-caption-title-letter-spacing:var(--h2_typography-letter-spacing);\"><span class=\" fusion-imageframe imageframe-none imageframe-2 hover-type-none\"><img decoding=\"async\" width=\"350\" height=\"350\" alt=\"des solutions ecoresponsables pour les loueurs de mat\u00e9riel\" title=\"Copie de article agrilab.io (1)\" src=\"https:\/\/fuel-it.io\/wp-content\/uploads\/2022\/02\/Copie-de-article-agrilab.io-1.png\" class=\"img-responsive wp-image-14707\" srcset=\"https:\/\/fuel-it.io\/wp-content\/uploads\/2022\/02\/Copie-de-article-agrilab.io-1-200x200.png 200w, https:\/\/fuel-it.io\/wp-content\/uploads\/2022\/02\/Copie-de-article-agrilab.io-1.png 350w\" sizes=\"(max-width: 640px) 100vw, 350px\" \/><\/span><\/div><\/div><\/div><\/div><\/div><div class=\"fusion-fullwidth fullwidth-box fusion-builder-row-4 fusion-flex-container nonhundred-percent-fullwidth non-hundred-percent-height-scrolling\" style=\"--awb-border-radius-top-left:0px;--awb-border-radius-top-right:0px;--awb-border-radius-bottom-right:0px;--awb-border-radius-bottom-left:0px;--awb-flex-wrap:wrap;\" ><div class=\"fusion-builder-row fusion-row fusion-flex-align-items-flex-start fusion-flex-content-wrap\" style=\"max-width:1189.76px;margin-left: calc(-4% \/ 2 );margin-right: calc(-4% \/ 2 );\"><div class=\"fusion-layout-column fusion_builder_column fusion-builder-column-8 fusion_builder_column_1_1 1_1 fusion-flex-column\" style=\"--awb-bg-size:cover;--awb-width-large:100%;--awb-margin-top-large:0px;--awb-spacing-right-large:1.92%;--awb-margin-bottom-large:20px;--awb-spacing-left-large:1.92%;--awb-width-medium:100%;--awb-order-medium:0;--awb-spacing-right-medium:1.92%;--awb-spacing-left-medium:1.92%;--awb-width-small:100%;--awb-order-small:0;--awb-spacing-right-small:1.92%;--awb-spacing-left-small:1.92%;\"><div class=\"fusion-column-wrapper fusion-column-has-shadow fusion-flex-justify-content-flex-start fusion-content-layout-column\"><div class=\"fusion-title title fusion-title-2 fusion-sep-none fusion-title-text fusion-title-size-one\" style=\"--awb-margin-top-small:10px;--awb-margin-right-small:0px;--awb-margin-bottom-small:10px;--awb-margin-left-small:0px;\"><h1 class=\"fusion-title-heading title-heading-left\" style=\"margin:0;\"><h2>Hoe zit het met Fuel it Rent?<\/h2><\/h1><\/div><div class=\"fusion-text fusion-text-10\" style=\"--awb-text-transform:none;\"><p>Fuel it Rent is DE leverancier van verbonden sensoren en webgebaseerde platforms voor verhuurbedrijven van materieel.<\/p>\n<\/div><div class=\"fusion-text fusion-text-11\" style=\"--awb-text-transform:none;\"><p>Onze ecologisch verantwoorde aanpak ?<\/p>\n<\/div><div class=\"fusion-text fusion-text-12\" style=\"--awb-text-transform:none;\"><p>Door onze connected oplossing aan te bieden om met \u00e9\u00e9n klik uw hele vloot te visualiseren, uw klantenservice te ontwikkelen, uw operationeel beheer en uw onderhoudsinterventies te optimaliseren&#8230; Het is:<\/p>\n<ul>\n<li>Optimalisering van de logistiek = minder vrachtwagens op de weg<\/li>\n<li>Last minute noodgevallen vermijden = koolstofvoetafdruk verminderen<\/li>\n<\/ul>\n<\/div><\/div><\/div><div class=\"fusion-layout-column fusion_builder_column fusion-builder-column-9 fusion_builder_column_1_2 1_2 fusion-flex-column\" style=\"--awb-bg-size:cover;--awb-width-large:50%;--awb-margin-top-large:0px;--awb-spacing-right-large:3.84%;--awb-margin-bottom-large:20px;--awb-spacing-left-large:3.84%;--awb-width-medium:50%;--awb-order-medium:0;--awb-spacing-right-medium:3.84%;--awb-spacing-left-medium:3.84%;--awb-width-small:100%;--awb-order-small:0;--awb-spacing-right-small:1.92%;--awb-spacing-left-small:1.92%;\"><div class=\"fusion-column-wrapper fusion-column-has-shadow fusion-flex-justify-content-flex-start fusion-content-layout-column\"><div class=\"fusion-text fusion-text-13\" style=\"--awb-text-transform:none;\"><p>Ontdek onze oplossingen voor milieuvriendelijk verhuurmateriaal!<\/p>\n<\/div><\/div><\/div><div class=\"fusion-layout-column fusion_builder_column fusion-builder-column-10 fusion_builder_column_1_2 1_2 fusion-flex-column\" style=\"--awb-bg-size:cover;--awb-width-large:50%;--awb-margin-top-large:0px;--awb-spacing-right-large:3.84%;--awb-margin-bottom-large:20px;--awb-spacing-left-large:3.84%;--awb-width-medium:50%;--awb-order-medium:0;--awb-spacing-right-medium:3.84%;--awb-spacing-left-medium:3.84%;--awb-width-small:100%;--awb-order-small:0;--awb-spacing-right-small:1.92%;--awb-spacing-left-small:1.92%;\"><div class=\"fusion-column-wrapper fusion-column-has-shadow fusion-flex-justify-content-flex-start fusion-content-layout-column\"><div ><a class=\"fusion-button button-flat fusion-button-default-size button-default fusion-button-default button-1 fusion-button-default-span fusion-button-default-type\" target=\"_self\" href=\"https:\/\/fuel-it.io\/solutions-metiers\/loueurs-de-chaudieres-et-groupe-electrogenes\/\"><span class=\"fusion-button-text awb-button__text awb-button__text--default\">Oplossingen voor huurders <\/span><\/a><\/div><\/div><\/div><\/div><\/div><div class=\"fusion-fullwidth fullwidth-box fusion-builder-row-5 fusion-flex-container nonhundred-percent-fullwidth non-hundred-percent-height-scrolling\" style=\"--awb-border-radius-top-left:0px;--awb-border-radius-top-right:0px;--awb-border-radius-bottom-right:0px;--awb-border-radius-bottom-left:0px;--awb-flex-wrap:wrap;\" ><div class=\"fusion-builder-row fusion-row fusion-flex-align-items-flex-start fusion-flex-content-wrap\" style=\"max-width:1189.76px;margin-left: calc(-4% \/ 2 );margin-right: calc(-4% \/ 2 );\"><div class=\"fusion-layout-column fusion_builder_column fusion-builder-column-11 fusion_builder_column_1_1 1_1 fusion-flex-column\" style=\"--awb-bg-size:cover;--awb-width-large:100%;--awb-margin-top-large:0px;--awb-spacing-right-large:1.92%;--awb-margin-bottom-large:20px;--awb-spacing-left-large:1.92%;--awb-width-medium:100%;--awb-order-medium:0;--awb-spacing-right-medium:1.92%;--awb-spacing-left-medium:1.92%;--awb-width-small:100%;--awb-order-small:0;--awb-spacing-right-small:1.92%;--awb-spacing-left-small:1.92%;\"><div class=\"fusion-column-wrapper fusion-column-has-shadow fusion-flex-justify-content-flex-start fusion-content-layout-column\"><div class=\"fusion-title title fusion-title-3 fusion-sep-none fusion-title-text fusion-title-size-one\" style=\"--awb-margin-top-small:10px;--awb-margin-right-small:0px;--awb-margin-bottom-small:10px;--awb-margin-left-small:0px;\"><h1 class=\"fusion-title-heading title-heading-left\" style=\"margin:0;\"><h2>Eco-verantwoordelijk huurmateriaal, de essenti\u00eble punten :<\/h2><\/h1><\/div><div class=\"fusion-text fusion-text-14\" style=\"--awb-text-transform:none;\"><p><strong>De huursector is een markt in volle mutatie die in gang wordt gezet door de jonge generaties die de waarden van de huidige maatschappij uitdragen. Huurders worden dus steeds verantwoordelijker en meer betrokken bij de planeet. Je voelt dat hun communicatie &#8220;groener&#8221;, ecologischer en milieubewuster is.<\/strong><\/p>\n<p><strong>De grote groepen en andere verhuurbedrijven investeren in de toekomst van minder vervuilende bouwplaatsen met het verschijnen van steeds meer hybride of elektrische machines (zoals Kiloutou, Loxam, Acess-industrie, Kaeser compressoren, Klubb of versalift).<\/strong><\/p>\n<p><strong>De ecologische aanpak is dus in volle gang, maar zal ecologisch verantwoord verhuurmateriaal aan alle eisen van de klanten kunnen voldoen en toch betrouwbaar en duurzaam blijven?  <\/strong><\/p>\n<\/div><\/div><\/div><\/div><\/div><\/p>\n","protected":false},"excerpt":{"rendered":"","protected":false},"author":1,"featured_media":14697,"comment_status":"closed","ping_status":"closed","sticky":false,"template":"","format":"standard","meta":{"footnotes":""},"categories":[333,329],"tags":[],"class_list":["post-14668","post","type-post","status-publish","format-standard","has-post-thumbnail","hentry","category-nieuws","category-partnerschappen"],"_links":{"self":[{"href":"https:\/\/fuel-it.io\/nl\/wp-json\/wp\/v2\/posts\/14668","targetHints":{"allow":["GET"]}}],"collection":[{"href":"https:\/\/fuel-it.io\/nl\/wp-json\/wp\/v2\/posts"}],"about":[{"href":"https:\/\/fuel-it.io\/nl\/wp-json\/wp\/v2\/types\/post"}],"author":[{"embeddable":true,"href":"https:\/\/fuel-it.io\/nl\/wp-json\/wp\/v2\/users\/1"}],"replies":[{"embeddable":true,"href":"https:\/\/fuel-it.io\/nl\/wp-json\/wp\/v2\/comments?post=14668"}],"version-history":[{"count":5,"href":"https:\/\/fuel-it.io\/nl\/wp-json\/wp\/v2\/posts\/14668\/revisions"}],"predecessor-version":[{"id":22142,"href":"https:\/\/fuel-it.io\/nl\/wp-json\/wp\/v2\/posts\/14668\/revisions\/22142"}],"wp:featuredmedia":[{"embeddable":true,"href":"https:\/\/fuel-it.io\/nl\/wp-json\/wp\/v2\/media\/14697"}],"wp:attachment":[{"href":"https:\/\/fuel-it.io\/nl\/wp-json\/wp\/v2\/media?parent=14668"}],"wp:term":[{"taxonomy":"category","embeddable":true,"href":"https:\/\/fuel-it.io\/nl\/wp-json\/wp\/v2\/categories?post=14668"},{"taxonomy":"post_tag","embeddable":true,"href":"https:\/\/fuel-it.io\/nl\/wp-json\/wp\/v2\/tags?post=14668"}],"curies":[{"name":"wp","href":"https:\/\/api.w.org\/{rel}","templated":true}]}}