{"id":14665,"date":"2022-02-11T16:35:51","date_gmt":"2022-02-11T15:35:51","guid":{"rendered":"https:\/\/fuel-it.io\/?p=14665"},"modified":"2026-01-26T10:31:57","modified_gmt":"2026-01-26T09:31:57","slug":"materiel-de-location-eco-responsable","status":"publish","type":"post","link":"https:\/\/fuel-it.io\/fr\/materiel-de-location-eco-responsable\/","title":{"rendered":"Et si \u00e9co-responsable rimait avec mat\u00e9riel de location ?"},"content":{"rendered":"<p><div class=\"fusion-fullwidth fullwidth-box fusion-builder-row-1 fusion-flex-container nonhundred-percent-fullwidth non-hundred-percent-height-scrolling\" style=\"--awb-border-radius-top-left:0px;--awb-border-radius-top-right:0px;--awb-border-radius-bottom-right:0px;--awb-border-radius-bottom-left:0px;--awb-flex-wrap:wrap;\" ><div class=\"fusion-builder-row fusion-row fusion-flex-align-items-flex-start fusion-flex-content-wrap\" style=\"max-width:1144px;margin-left: calc(-4% \/ 2 );margin-right: calc(-4% \/ 2 );\"><div class=\"fusion-layout-column fusion_builder_column fusion-builder-column-0 fusion_builder_column_1_1 1_1 fusion-flex-column\" style=\"--awb-bg-size:cover;--awb-width-large:100%;--awb-margin-top-large:0px;--awb-spacing-right-large:1.92%;--awb-margin-bottom-large:20px;--awb-spacing-left-large:1.92%;--awb-width-medium:100%;--awb-spacing-right-medium:1.92%;--awb-spacing-left-medium:1.92%;--awb-width-small:100%;--awb-spacing-right-small:1.92%;--awb-spacing-left-small:1.92%;\"><div class=\"fusion-column-wrapper fusion-column-has-shadow fusion-flex-justify-content-flex-start fusion-content-layout-column\"><div class=\"fusion-text fusion-text-1\"><p><strong>Le mat\u00e9riel de location \u00e9co-responsable : vers une transition des entreprises plus vertes<\/strong><\/p>\n<p><strong>L&rsquo;urgence \u00e9cologique est telle que de plus en plus d&rsquo;entreprises se mettent au vert en instaurant des d\u00e9marches \u00e9co-responsables.\u00a0\u00a0<\/strong><\/p>\n<p><strong><span class=\"has-inline-color\">\u00ab\u00a0L\u2019environnement, priorit\u00e9 n\u00b01 pour les g\u00e9n\u00e9rations Y et Z annonce l\u2019\u00e9tude Deloitte Millennial Survey 2020\u00a0\u00bb. On le comprend, notre soci\u00e9t\u00e9 actuelle ressent de plus en plus l\u2019importance et le besoin d\u2019agir. Et les entreprises sont donc plus que jamais attendues sur des questions environnementales et \u00e9cologiques !<\/span><\/strong><\/p>\n<\/div><div class=\"fusion-text fusion-text-2\"><p><strong>Ce d\u00e9fi est d&rsquo;autant plus important dans le secteur de location de mat\u00e9riel.\u00a0<\/strong><\/p>\n<p><strong>En effet, le bilan carbone de certains engins peut parfois se relever assez lourd. C&rsquo;est dans ce sens que les acteurs de la location commencent d\u00e9sormais \u00e0 proposer des solutions \u00ab\u00a0vertes\u00a0\u00bb, des solutions \u00e9co-responsables \u00e9lectriques ou hybrides.<\/strong><\/p>\n<p><strong>Mais les freins au changement sont nombreux, alors comment lever les r\u00e9ticences ?<\/strong><\/p>\n<\/div><\/div><\/div><\/div><\/div><div class=\"fusion-fullwidth fullwidth-box fusion-builder-row-2 fusion-flex-container nonhundred-percent-fullwidth non-hundred-percent-height-scrolling\" style=\"--awb-border-radius-top-left:0px;--awb-border-radius-top-right:0px;--awb-border-radius-bottom-right:0px;--awb-border-radius-bottom-left:0px;--awb-flex-wrap:wrap;\" ><div class=\"fusion-builder-row fusion-row fusion-flex-align-items-flex-start fusion-flex-content-wrap\" style=\"max-width:1144px;margin-left: calc(-4% \/ 2 );margin-right: calc(-4% \/ 2 );\"><div class=\"fusion-layout-column fusion_builder_column fusion-builder-column-1 fusion_builder_column_1_1 1_1 fusion-flex-column\" style=\"--awb-bg-size:cover;--awb-width-large:100%;--awb-margin-top-large:0px;--awb-spacing-right-large:1.92%;--awb-margin-bottom-large:20px;--awb-spacing-left-large:1.92%;--awb-width-medium:100%;--awb-order-medium:0;--awb-spacing-right-medium:1.92%;--awb-spacing-left-medium:1.92%;--awb-width-small:100%;--awb-order-small:0;--awb-spacing-right-small:1.92%;--awb-spacing-left-small:1.92%;\"><div class=\"fusion-column-wrapper fusion-column-has-shadow fusion-flex-justify-content-flex-start fusion-content-layout-column\"><div class=\"fusion-text fusion-text-3\"><h2 class=\"h1 speakable speakable-title fusion-responsive-typography-calculated\" data-fontsize=\"18\" data-lineheight=\"27px\">A quels d\u00e9fis doivent faire face le secteur de la location de mat\u00e9riel ?<\/h2>\n<\/div><div class=\"fusion-text fusion-text-4\" style=\"--awb-text-transform:none;\"><p>La location de mat\u00e9riel professionnel est un secteur porteur et en constante augmentation.<\/p>\n<\/div><\/div><\/div><div class=\"fusion-layout-column fusion_builder_column fusion-builder-column-2 fusion_builder_column_1_2 1_2 fusion-flex-column\" style=\"--awb-bg-size:cover;--awb-width-large:50%;--awb-margin-top-large:0px;--awb-spacing-right-large:3.84%;--awb-margin-bottom-large:20px;--awb-spacing-left-large:3.84%;--awb-width-medium:50%;--awb-order-medium:0;--awb-spacing-right-medium:3.84%;--awb-spacing-left-medium:3.84%;--awb-width-small:100%;--awb-order-small:0;--awb-spacing-right-small:1.92%;--awb-spacing-left-small:1.92%;\"><div class=\"fusion-column-wrapper fusion-column-has-shadow fusion-flex-justify-content-flex-start fusion-content-layout-column\"><div class=\"fusion-text fusion-text-5\" style=\"--awb-text-transform:none;\"><p>Selon le dernier <span style=\"color: #000080;\"><em><a style=\"color: #000080;\" href=\"https:\/\/www.dlr.fr\/Default.aspx?lid=1&amp;rid=18&amp;rvid=94\">barom\u00e8tre de la F\u00e9d\u00e9ration nationale<\/a><\/em><\/span> des distributeurs, loueurs et r\u00e9parateurs de mat\u00e9riels de b\u00e2timent, de travaux publics et de manutention (DLR) le secteur de la location enregistre une croissance de son chiffre d&rsquo;affaire de 3,6%.<\/p>\n<p>Malgr\u00e9 la crise sanitaire, toutes les entreprises ont connu des difficult\u00e9s dans leurs activit\u00e9s. Cependant, cette p\u00e9riode a \u00e9galement fait \u00e9clore de nouvelles possibilit\u00e9s et le secteur de la location ou de la manutention ont explos\u00e9.<\/p>\n<div id=\"ROTATION_PUB_EMPLACEMENT_ARTICLE\" class=\"hilight\"><\/div>\n<\/div><\/div><\/div><div class=\"fusion-layout-column fusion_builder_column fusion-builder-column-3 fusion_builder_column_1_2 1_2 fusion-flex-column\" style=\"--awb-bg-size:cover;--awb-width-large:50%;--awb-margin-top-large:0px;--awb-spacing-right-large:3.84%;--awb-margin-bottom-large:20px;--awb-spacing-left-large:3.84%;--awb-width-medium:50%;--awb-order-medium:0;--awb-spacing-right-medium:3.84%;--awb-spacing-left-medium:3.84%;--awb-width-small:100%;--awb-order-small:0;--awb-spacing-right-small:1.92%;--awb-spacing-left-small:1.92%;\"><div class=\"fusion-column-wrapper fusion-column-has-shadow fusion-flex-justify-content-flex-start fusion-content-layout-column\"><div class=\"fusion-image-element \" style=\"--awb-caption-title-font-family:var(--h2_typography-font-family);--awb-caption-title-font-weight:var(--h2_typography-font-weight);--awb-caption-title-font-style:var(--h2_typography-font-style);--awb-caption-title-size:var(--h2_typography-font-size);--awb-caption-title-transform:var(--h2_typography-text-transform);--awb-caption-title-line-height:var(--h2_typography-line-height);--awb-caption-title-letter-spacing:var(--h2_typography-letter-spacing);\"><span class=\" fusion-imageframe imageframe-none imageframe-1 hover-type-none\"><img decoding=\"async\" width=\"350\" height=\"350\" alt=\"F\u00e9d\u00e9ration nationale des distributeurs, loueurs et r\u00e9parateurs de mat\u00e9riels de b\u00e2timent, de travaux publics et de manutention\" title=\"F\u00e9d\u00e9ration nationale des distributeurs, loueurs et r\u00e9parateurs de mat\u00e9riels de b\u00e2timent, de travaux publics et de manutention\" src=\"https:\/\/fuel-it.io\/wp-content\/uploads\/2022\/02\/Copie-de-article-agrilab.io-2.png\" class=\"img-responsive wp-image-14711\" srcset=\"https:\/\/fuel-it.io\/wp-content\/uploads\/2022\/02\/Copie-de-article-agrilab.io-2-200x200.png 200w, https:\/\/fuel-it.io\/wp-content\/uploads\/2022\/02\/Copie-de-article-agrilab.io-2.png 350w\" sizes=\"(max-width: 640px) 100vw, 350px\" \/><\/span><\/div><\/div><\/div><div class=\"fusion-layout-column fusion_builder_column fusion-builder-column-4 fusion_builder_column_1_1 1_1 fusion-flex-column\" style=\"--awb-bg-size:cover;--awb-width-large:100%;--awb-margin-top-large:0px;--awb-spacing-right-large:1.92%;--awb-margin-bottom-large:20px;--awb-spacing-left-large:1.92%;--awb-width-medium:100%;--awb-spacing-right-medium:1.92%;--awb-spacing-left-medium:1.92%;--awb-width-small:100%;--awb-spacing-right-small:1.92%;--awb-spacing-left-small:1.92%;\"><div class=\"fusion-column-wrapper fusion-column-has-shadow fusion-flex-justify-content-flex-start fusion-content-layout-column\"><div class=\"fusion-text fusion-text-6\" style=\"--awb-text-transform:none;\"><p>Cependant, beaucoup de m\u00e9tiers et d&rsquo;entreprises ont d\u00fb s&rsquo;adapter.<\/p>\n<p>Depuis plusieurs ann\u00e9es, la location de mat\u00e9riel professionnel BTP a vu appara\u00eetre des plateformes digitales et outils nouveaux.<\/p>\n<p>Les nouvelles technologies sont aussi au c\u0153ur des pr\u00e9occupations des professionnels de la location : IoT, intelligence artificielle, big data&#8230; de plus en plus de solutions existent et sont con\u00e7ues pour les entreprises du b\u00e2timent et der location. Ainsi, les loueurs devront travailler avec ces outils qui seront essentiels pour les syst\u00e8mes de gestion par exemple.<\/p>\n<\/div><div class=\"fusion-text fusion-text-7\" style=\"--awb-text-transform:none;\"><p>Mais d&rsquo;autres d\u00e9fis doivent \u00eatre relev\u00e9s par cette profession qui doit faire face, notamment r\u00e9pondre aux attentes des collectivit\u00e9s locales.<\/p>\n<p>En 2021, plusieurs villes vont instaurer des zones \u00e0 faibles \u00e9missions afin de restreindre la circulation des v\u00e9hicules les plus polluants. Il est pr\u00e9cis\u00e9 que \u00ab\u00a0Seuls les v\u00e9hicules les plus polluants (identifi\u00e9s par le syst\u00e8me des Certificats Qualit\u00e9 de l&rsquo;Air ou vignettes Crit&rsquo;air), que leur usage soit professionnel ou personnel, sont concern\u00e9s.\u00a0\u00bb<\/p>\n<p>C&rsquo;est le cas du Gard par exemple qui a d\u00e9j\u00e0 mis en place \u00a0ont d\u00e9j\u00e0 mis en place des dispositifs limitant l\u2019acc\u00e8s aux centres-villes aux v\u00e9hicules les plus polluants.<\/p>\n<\/div><\/div><\/div><\/div><\/div><div class=\"fusion-fullwidth fullwidth-box fusion-builder-row-3 fusion-flex-container nonhundred-percent-fullwidth non-hundred-percent-height-scrolling\" style=\"--awb-border-radius-top-left:0px;--awb-border-radius-top-right:0px;--awb-border-radius-bottom-right:0px;--awb-border-radius-bottom-left:0px;--awb-flex-wrap:wrap;\" ><div class=\"fusion-builder-row fusion-row fusion-flex-align-items-flex-start fusion-flex-content-wrap\" style=\"max-width:1144px;margin-left: calc(-4% \/ 2 );margin-right: calc(-4% \/ 2 );\"><div class=\"fusion-layout-column fusion_builder_column fusion-builder-column-5 fusion_builder_column_1_1 1_1 fusion-flex-column\" style=\"--awb-bg-size:cover;--awb-width-large:100%;--awb-margin-top-large:0px;--awb-spacing-right-large:1.92%;--awb-margin-bottom-large:20px;--awb-spacing-left-large:1.92%;--awb-width-medium:100%;--awb-order-medium:0;--awb-spacing-right-medium:1.92%;--awb-spacing-left-medium:1.92%;--awb-width-small:100%;--awb-order-small:0;--awb-spacing-right-small:1.92%;--awb-spacing-left-small:1.92%;\"><div class=\"fusion-column-wrapper fusion-column-has-shadow fusion-flex-justify-content-flex-start fusion-content-layout-column\"><div class=\"fusion-title title fusion-title-1 fusion-sep-none fusion-title-text fusion-title-size-one\" style=\"--awb-margin-top-small:10px;--awb-margin-right-small:0px;--awb-margin-bottom-small:10px;--awb-margin-left-small:0px;\"><h1 class=\"fusion-title-heading title-heading-left\" style=\"margin:0;\"><h2>Des solutions adapt\u00e9es<\/h2><\/h1><\/div><div class=\"fusion-text fusion-text-8\" style=\"--awb-text-transform:none;\"><p>Afin de s&rsquo;adapter \u00e0 ces dispositifs, certains grands groupes ont d\u00e9cid\u00e9 de r\u00e9fl\u00e9chir \u00e0 des solutions adapt\u00e9es aux enjeux des Zones \u00e0 faibles \u00e9missions (ZFE).<\/p>\n<p>C&rsquo;est le cas d&rsquo;Enedis et Schneider Electric France qui ont collabor\u00e9 pour cr\u00e9er le premier \u00ab\u00a0Groupe Electrog\u00e8ne Z\u00e9ro Emission\u00a0\u00bb. Une solution alternative au mat\u00e9riel de location classique.<\/p>\n<p>En plus d&rsquo;\u00eatre \u00ab\u00a0green\u00a0\u00bb, il permet d&rsquo;avoir une source d&rsquo;alimentation en continu lors des coupures pour travaux sur le r\u00e9seau public de distribution d\u2019\u00e9lectricit\u00e9.<\/p>\n<p>Pour en savoir plus, lisez cet article : <span style=\"color: #0000ff;\"><a style=\"color: #0000ff;\" href=\"https:\/\/www.latribune.fr\/entreprises-finance\/industrie\/energie-environnement\/enedis-devoile-un-premier-groupe-electrogene-sans-emissions-888739.html\"><em>\u00ab\u00a0Enedis d\u00e9voile un premier groupe \u00e9lectrog\u00e8ne sans \u00e9missions\u00a0\u00bb<\/em><\/a><\/span><\/p>\n<\/div><\/div><\/div><div class=\"fusion-layout-column fusion_builder_column fusion-builder-column-6 fusion_builder_column_1_2 1_2 fusion-flex-column\" style=\"--awb-bg-size:cover;--awb-width-large:50%;--awb-margin-top-large:0px;--awb-spacing-right-large:3.84%;--awb-margin-bottom-large:20px;--awb-spacing-left-large:3.84%;--awb-width-medium:50%;--awb-order-medium:0;--awb-spacing-right-medium:3.84%;--awb-spacing-left-medium:3.84%;--awb-width-small:100%;--awb-order-small:0;--awb-spacing-right-small:1.92%;--awb-spacing-left-small:1.92%;\"><div class=\"fusion-column-wrapper fusion-column-has-shadow fusion-flex-justify-content-flex-start fusion-content-layout-column\"><div class=\"fusion-text fusion-text-9\" style=\"--awb-text-transform:none;\"><p>Kilout n&rsquo;est pas en reste puisque maintenant \u00ab\u00a0le jaune existe aussi en vert\u00a0\u00bb ! C&rsquo;est la nouvelle campagne publicitaire du groupe qui \u0153uvre pour des chantiers plus responsables, voire \u00e9coresponsables.<\/p>\n<p>Leur gamme nomm\u00e9e \u00ab\u00a0<a href=\"https:\/\/www.kiloutou.fr\/tgs-impakt\"><span style=\"color: #0000ff;\"><em><strong>IMPAKT<\/strong><\/em><\/span><\/a>\u00a0\u00bb est une nouvelle gamme de mat\u00e9riels de location \u00e9lectriques et hybrides performants. Une nouvelle position qui semble porter ses fruits puisqu&rsquo;elle fait partie de leur gamme la plus pl\u00e9biscit\u00e9e par leurs clients.<\/p>\n<p>Ce positionnement n&rsquo;est pas anodin puisque Kiloutou a \u00e9galement annonc\u00e9 un plan d&rsquo;action environnemental ambitieux avec un objectif de r\u00e9duction de 40% des \u00e9missions directes de C02 pour 2030 jusqu&rsquo;\u00e0 atteindre la neutralit\u00e9 carbone en 2050 !<\/p>\n<\/div><\/div><\/div><div class=\"fusion-layout-column fusion_builder_column fusion-builder-column-7 fusion_builder_column_1_2 1_2 fusion-flex-column\" style=\"--awb-bg-size:cover;--awb-width-large:50%;--awb-margin-top-large:0px;--awb-spacing-right-large:3.84%;--awb-margin-bottom-large:20px;--awb-spacing-left-large:3.84%;--awb-width-medium:50%;--awb-order-medium:0;--awb-spacing-right-medium:3.84%;--awb-spacing-left-medium:3.84%;--awb-width-small:100%;--awb-order-small:0;--awb-spacing-right-small:1.92%;--awb-spacing-left-small:1.92%;\"><div class=\"fusion-column-wrapper fusion-column-has-shadow fusion-flex-justify-content-flex-start fusion-content-layout-column\"><div class=\"fusion-image-element \" style=\"--awb-caption-title-font-family:var(--h2_typography-font-family);--awb-caption-title-font-weight:var(--h2_typography-font-weight);--awb-caption-title-font-style:var(--h2_typography-font-style);--awb-caption-title-size:var(--h2_typography-font-size);--awb-caption-title-transform:var(--h2_typography-text-transform);--awb-caption-title-line-height:var(--h2_typography-line-height);--awb-caption-title-letter-spacing:var(--h2_typography-letter-spacing);\"><span class=\" fusion-imageframe imageframe-none imageframe-2 hover-type-none\"><img decoding=\"async\" width=\"350\" height=\"350\" alt=\"des solutions ecoresponsables pour les loueurs de mat\u00e9riel\" title=\"des solutions ecoresponsables pour les loueurs de mat\u00e9riel\" src=\"https:\/\/fuel-it.io\/wp-content\/uploads\/2022\/02\/Copie-de-article-agrilab.io-1.png\" class=\"img-responsive wp-image-14706\" srcset=\"https:\/\/fuel-it.io\/wp-content\/uploads\/2022\/02\/Copie-de-article-agrilab.io-1-200x200.png 200w, https:\/\/fuel-it.io\/wp-content\/uploads\/2022\/02\/Copie-de-article-agrilab.io-1.png 350w\" sizes=\"(max-width: 640px) 100vw, 350px\" \/><\/span><\/div><\/div><\/div><\/div><\/div><div class=\"fusion-fullwidth fullwidth-box fusion-builder-row-4 fusion-flex-container nonhundred-percent-fullwidth non-hundred-percent-height-scrolling\" style=\"--awb-border-radius-top-left:0px;--awb-border-radius-top-right:0px;--awb-border-radius-bottom-right:0px;--awb-border-radius-bottom-left:0px;--awb-flex-wrap:wrap;\" ><div class=\"fusion-builder-row fusion-row fusion-flex-align-items-flex-start fusion-flex-content-wrap\" style=\"max-width:1144px;margin-left: calc(-4% \/ 2 );margin-right: calc(-4% \/ 2 );\"><div class=\"fusion-layout-column fusion_builder_column fusion-builder-column-8 fusion_builder_column_1_1 1_1 fusion-flex-column\" style=\"--awb-bg-size:cover;--awb-width-large:100%;--awb-margin-top-large:0px;--awb-spacing-right-large:1.92%;--awb-margin-bottom-large:20px;--awb-spacing-left-large:1.92%;--awb-width-medium:100%;--awb-order-medium:0;--awb-spacing-right-medium:1.92%;--awb-spacing-left-medium:1.92%;--awb-width-small:100%;--awb-order-small:0;--awb-spacing-right-small:1.92%;--awb-spacing-left-small:1.92%;\"><div class=\"fusion-column-wrapper fusion-column-has-shadow fusion-flex-justify-content-flex-start fusion-content-layout-column\"><div class=\"fusion-title title fusion-title-2 fusion-sep-none fusion-title-text fusion-title-size-one\" style=\"--awb-margin-top-small:10px;--awb-margin-right-small:0px;--awb-margin-bottom-small:10px;--awb-margin-left-small:0px;\"><h1 class=\"fusion-title-heading title-heading-left\" style=\"margin:0;\"><h2>Et Fuel it Rent dans tout \u00e7a ?<\/h2><\/h1><\/div><div class=\"fusion-text fusion-text-10\" style=\"--awb-text-transform:none;\"><p>Fuel it Rent, c&rsquo;est LE fournisseur de capteurs connect\u00e9s et de plateforme web m\u00e9tier \u00e0 destination des loueurs de mat\u00e9riel.<\/p>\n<\/div><div class=\"fusion-text fusion-text-11\" style=\"--awb-text-transform:none;\"><p>Notre d\u00e9marche \u00e9co-responsable ?<\/p>\n<\/div><div class=\"fusion-text fusion-text-12\" style=\"--awb-text-transform:none;\"><p>En proposant notre solution connect\u00e9e pour visualiser tout votre parc en un clic, d\u00e9velopper votre service client, optimiser votre gestion op\u00e9rationnelle et vos interventions de maintenance&#8230; C&rsquo;est :<\/p>\n<ul>\n<li>Optimiser la logistique = R\u00e9duction des camions sur les routes<\/li>\n<li>\u00c9viter les urgences de derni\u00e8re minute =\u00a0 R\u00e9duction de l&#8217;empreinte carbone<\/li>\n<\/ul>\n<\/div><\/div><\/div><div class=\"fusion-layout-column fusion_builder_column fusion-builder-column-9 fusion_builder_column_1_2 1_2 fusion-flex-column\" style=\"--awb-bg-size:cover;--awb-width-large:50%;--awb-margin-top-large:0px;--awb-spacing-right-large:3.84%;--awb-margin-bottom-large:20px;--awb-spacing-left-large:3.84%;--awb-width-medium:50%;--awb-order-medium:0;--awb-spacing-right-medium:3.84%;--awb-spacing-left-medium:3.84%;--awb-width-small:100%;--awb-order-small:0;--awb-spacing-right-small:1.92%;--awb-spacing-left-small:1.92%;\"><div class=\"fusion-column-wrapper fusion-column-has-shadow fusion-flex-justify-content-flex-start fusion-content-layout-column\"><div class=\"fusion-text fusion-text-13\" style=\"--awb-text-transform:none;\"><p>D\u00e9couvrez nos solutions d\u00e9di\u00e9es aux mat\u00e9riels de location \u00e9coresponsables !<\/p>\n<\/div><\/div><\/div><div class=\"fusion-layout-column fusion_builder_column fusion-builder-column-10 fusion_builder_column_1_2 1_2 fusion-flex-column\" style=\"--awb-bg-size:cover;--awb-width-large:50%;--awb-margin-top-large:0px;--awb-spacing-right-large:3.84%;--awb-margin-bottom-large:20px;--awb-spacing-left-large:3.84%;--awb-width-medium:50%;--awb-order-medium:0;--awb-spacing-right-medium:3.84%;--awb-spacing-left-medium:3.84%;--awb-width-small:100%;--awb-order-small:0;--awb-spacing-right-small:1.92%;--awb-spacing-left-small:1.92%;\"><div class=\"fusion-column-wrapper fusion-column-has-shadow fusion-flex-justify-content-flex-start fusion-content-layout-column\"><div ><a class=\"fusion-button button-flat fusion-button-default-size button-default fusion-button-default button-1 fusion-button-default-span fusion-button-default-type\" target=\"_self\" href=\"https:\/\/fuel-it.io\/solutions-metiers\/loueurs-de-chaudieres-et-groupe-electrogenes\/\"><span class=\"fusion-button-text awb-button__text awb-button__text--default\">Solutions pour loueurs <\/span><\/a><\/div><\/div><\/div><\/div><\/div><div class=\"fusion-fullwidth fullwidth-box fusion-builder-row-5 fusion-flex-container nonhundred-percent-fullwidth non-hundred-percent-height-scrolling\" style=\"--awb-border-radius-top-left:0px;--awb-border-radius-top-right:0px;--awb-border-radius-bottom-right:0px;--awb-border-radius-bottom-left:0px;--awb-flex-wrap:wrap;\" ><div class=\"fusion-builder-row fusion-row fusion-flex-align-items-flex-start fusion-flex-content-wrap\" style=\"max-width:1144px;margin-left: calc(-4% \/ 2 );margin-right: calc(-4% \/ 2 );\"><div class=\"fusion-layout-column fusion_builder_column fusion-builder-column-11 fusion_builder_column_1_1 1_1 fusion-flex-column\" style=\"--awb-bg-size:cover;--awb-width-large:100%;--awb-margin-top-large:0px;--awb-spacing-right-large:1.92%;--awb-margin-bottom-large:20px;--awb-spacing-left-large:1.92%;--awb-width-medium:100%;--awb-order-medium:0;--awb-spacing-right-medium:1.92%;--awb-spacing-left-medium:1.92%;--awb-width-small:100%;--awb-order-small:0;--awb-spacing-right-small:1.92%;--awb-spacing-left-small:1.92%;\"><div class=\"fusion-column-wrapper fusion-column-has-shadow fusion-flex-justify-content-flex-start fusion-content-layout-column\"><div class=\"fusion-title title fusion-title-3 fusion-sep-none fusion-title-text fusion-title-size-one\" style=\"--awb-margin-top-small:10px;--awb-margin-right-small:0px;--awb-margin-bottom-small:10px;--awb-margin-left-small:0px;\"><h1 class=\"fusion-title-heading title-heading-left\" style=\"margin:0;\"><h2>Mat\u00e9riel de location \u00e9co-responsable, les points essentiels :<\/h2><\/h1><\/div><div class=\"fusion-text fusion-text-14\" style=\"--awb-text-transform:none;\"><p><strong>Le secteur de la location est un march\u00e9 en pleine mutation initi\u00e9 par les jeunes g\u00e9n\u00e9rations qui portent les valeurs de la soci\u00e9t\u00e9 actuelles. Les loueurs se veulent donc de plus en plus responsables et engag\u00e9s pour la plan\u00e8te. On le sent leurs communications sont plus \u00ab\u00a0vertes\u00a0\u00bb, \u00e9cologiques et \u00e9coresponsables.<\/strong><\/p>\n<p><strong>Les grands groupes et autres acteurs de la location investissent sur l&rsquo;avenir de chantiers moins polluants avec l&rsquo;apparition de plus en plus d&rsquo;engins hybrides ou \u00e9lectriques (comme notamment Kiloutou, Loxam, Acess-industrie, Kaeser compresseurs, Klubb ou encore versalift).<\/strong><\/p>\n<p><strong>Les d\u00e9marches \u00e9cologiques sont donc bien en route, mais le mat\u00e9riel de location \u00e9co-responsable pourra-t-il r\u00e9pondre \u00e0 toutes les contraintes des clients en restant fiable &amp; durable ?\u00a0<\/strong><\/p>\n<\/div><\/div><\/div><\/div><\/div><\/p>\n","protected":false},"excerpt":{"rendered":"","protected":false},"author":1,"featured_media":14696,"comment_status":"closed","ping_status":"closed","sticky":false,"template":"","format":"standard","meta":{"footnotes":""},"categories":[307,304],"tags":[],"class_list":["post-14665","post","type-post","status-publish","format-standard","has-post-thumbnail","hentry","category-actualite-fuel-it","category-partenariats-fuel-it"],"_links":{"self":[{"href":"https:\/\/fuel-it.io\/fr\/wp-json\/wp\/v2\/posts\/14665","targetHints":{"allow":["GET"]}}],"collection":[{"href":"https:\/\/fuel-it.io\/fr\/wp-json\/wp\/v2\/posts"}],"about":[{"href":"https:\/\/fuel-it.io\/fr\/wp-json\/wp\/v2\/types\/post"}],"author":[{"embeddable":true,"href":"https:\/\/fuel-it.io\/fr\/wp-json\/wp\/v2\/users\/1"}],"replies":[{"embeddable":true,"href":"https:\/\/fuel-it.io\/fr\/wp-json\/wp\/v2\/comments?post=14665"}],"version-history":[{"count":4,"href":"https:\/\/fuel-it.io\/fr\/wp-json\/wp\/v2\/posts\/14665\/revisions"}],"predecessor-version":[{"id":14717,"href":"https:\/\/fuel-it.io\/fr\/wp-json\/wp\/v2\/posts\/14665\/revisions\/14717"}],"wp:featuredmedia":[{"embeddable":true,"href":"https:\/\/fuel-it.io\/fr\/wp-json\/wp\/v2\/media\/14696"}],"wp:attachment":[{"href":"https:\/\/fuel-it.io\/fr\/wp-json\/wp\/v2\/media?parent=14665"}],"wp:term":[{"taxonomy":"category","embeddable":true,"href":"https:\/\/fuel-it.io\/fr\/wp-json\/wp\/v2\/categories?post=14665"},{"taxonomy":"post_tag","embeddable":true,"href":"https:\/\/fuel-it.io\/fr\/wp-json\/wp\/v2\/tags?post=14665"}],"curies":[{"name":"wp","href":"https:\/\/api.w.org\/{rel}","templated":true}]}}