{"id":5260,"date":"2018-09-10T15:30:48","date_gmt":"2018-09-10T13:30:48","guid":{"rendered":"https:\/\/fuel-it.io\/fuel-it-prasentiert-auf-der-mif-expo-im-november-2018-standort-f83\/"},"modified":"2023-02-25T21:56:57","modified_gmt":"2023-02-25T20:56:57","slug":"fuel-it-present-auf-der-mif-expo-messe","status":"publish","type":"post","link":"https:\/\/fuel-it.io\/de\/fuel-it-present-auf-der-mif-expo-messe\/","title":{"rendered":"Fuel it auf der MIF Expo vertreten"},"content":{"rendered":"<div class=\"fusion-fullwidth fullwidth-box fusion-builder-row-1 fusion-flex-container nonhundred-percent-fullwidth non-hundred-percent-height-scrolling\" style=\"--awb-border-radius-top-left:0px;--awb-border-radius-top-right:0px;--awb-border-radius-bottom-right:0px;--awb-border-radius-bottom-left:0px;--awb-flex-wrap:wrap;\" ><div class=\"fusion-builder-row fusion-row fusion-flex-align-items-flex-start fusion-flex-content-wrap\" style=\"max-width:calc( 1144px + 0px );margin-left: calc(-0px \/ 2 );margin-right: calc(-0px \/ 2 );\"><div class=\"fusion-layout-column fusion_builder_column fusion-builder-column-0 fusion_builder_column_1_1 1_1 fusion-flex-column\" style=\"--awb-bg-size:cover;--awb-width-large:100%;--awb-margin-top-large:0px;--awb-spacing-right-large:0px;--awb-margin-bottom-large:20px;--awb-spacing-left-large:0px;--awb-width-medium:100%;--awb-spacing-right-medium:0px;--awb-spacing-left-medium:0px;--awb-width-small:100%;--awb-spacing-right-small:0px;--awb-spacing-left-small:0px;\"><div class=\"fusion-column-wrapper fusion-flex-justify-content-flex-start fusion-content-layout-column\"><div class=\"fusion-text fusion-text-1\"><h2>MIFEXPO: die Messe des Made in France<\/h2>\n<p><a href=\"http:\/\/www.mifexpo.fr\/\">Das Made In France<\/a> wird auf der Porte de Versailles in Paris im Mittelpunkt stehen. Wir sehen uns also auf der MIF Expo!<\/p>\n<p>Es wird insbesondere mehr als 60 000 Menschen um <strong>450<\/strong> Aussteller versammeln.<\/p>\n<p>Als unumg\u00e4nglicher Akteur bei der Entwicklung des &#8222;Made in France&#8220; bietet MIF Expo mit seiner Messe somit ein Schaufenster der franz\u00f6sischen Industrie, Innovation und Kreativit\u00e4t. Ihr Ziel: sie mit den Verbrauchern zusammenzubringen.<\/p>\n<p>MIF Expo spiegelt also eine sozio\u00f6konomische Dynamik wider und versucht, diese zu verst\u00e4rken. Die von Unternehmen, die sich daf\u00fcr entschieden haben, die wichtigsten Etappen der Herstellung ihrer Produkte in unserem Gebiet durchzuf\u00fchren.<\/p>\n<h3>Fuel it anwesend, besuchen Sie Stand F83<\/h3>\n<p>Wir werden unsere Produkte auf dieser Veranstaltung ausstellen, die im November in Paris stattfindet!<\/p>\n<p>Der Fuel it-Sensor, der vollst\u00e4ndig in der Region Burgund-Franche-Comt\u00e9 konzipiert, entwickelt und zusammengebaut wurde, wird nat\u00fcrlich auch dort seinen Platz finden (und zwar mitten im Innovationspavillon!).<\/p>\n<p>Deshalb werden alle unsere Produkte direkt zum Verkauf angeboten.<\/p>\n<p>Wir werden auch f\u00fcr Ihre Fragen zur Verf\u00fcgung stehen und Ihnen unseren neuen Demonstrator, unsere Webanwendungen und vieles mehr zeigen.<\/p>\n<p>Z\u00f6gern Sie nicht, in Ihrem Bekanntenkreis davon zu erz\u00e4hlen, wir erwarten Sie zahlreich.<\/p>\n<p>Besuchen Sie uns an unserem Stand <strong>Standplatz F83<\/strong> (oder auf unserer <span style=\"color: #0000ff;\"><br \/>\n  <em><br \/>\n    <a style=\"color: #0000ff;\" href=\"https:\/\/fuel-it.io\/\">Internetseite<\/a><br \/>\n  <\/em><br \/>\n<\/span>!).<\/p>\n<\/div><\/div><\/div><\/div><\/div>\n","protected":false},"excerpt":{"rendered":"","protected":false},"author":3,"featured_media":5261,"comment_status":"closed","ping_status":"closed","sticky":false,"template":"","format":"standard","meta":{"footnotes":""},"categories":[340],"tags":[],"class_list":["post-5260","post","type-post","status-publish","format-standard","has-post-thumbnail","hentry","category-veranstaltungen"],"_links":{"self":[{"href":"https:\/\/fuel-it.io\/de\/wp-json\/wp\/v2\/posts\/5260","targetHints":{"allow":["GET"]}}],"collection":[{"href":"https:\/\/fuel-it.io\/de\/wp-json\/wp\/v2\/posts"}],"about":[{"href":"https:\/\/fuel-it.io\/de\/wp-json\/wp\/v2\/types\/post"}],"author":[{"embeddable":true,"href":"https:\/\/fuel-it.io\/de\/wp-json\/wp\/v2\/users\/3"}],"replies":[{"embeddable":true,"href":"https:\/\/fuel-it.io\/de\/wp-json\/wp\/v2\/comments?post=5260"}],"version-history":[{"count":3,"href":"https:\/\/fuel-it.io\/de\/wp-json\/wp\/v2\/posts\/5260\/revisions"}],"predecessor-version":[{"id":21667,"href":"https:\/\/fuel-it.io\/de\/wp-json\/wp\/v2\/posts\/5260\/revisions\/21667"}],"wp:featuredmedia":[{"embeddable":true,"href":"https:\/\/fuel-it.io\/de\/wp-json\/wp\/v2\/media\/5261"}],"wp:attachment":[{"href":"https:\/\/fuel-it.io\/de\/wp-json\/wp\/v2\/media?parent=5260"}],"wp:term":[{"taxonomy":"category","embeddable":true,"href":"https:\/\/fuel-it.io\/de\/wp-json\/wp\/v2\/categories?post=5260"},{"taxonomy":"post_tag","embeddable":true,"href":"https:\/\/fuel-it.io\/de\/wp-json\/wp\/v2\/tags?post=5260"}],"curies":[{"name":"wp","href":"https:\/\/api.w.org\/{rel}","templated":true}]}}